{"id":1719,"date":"2016-11-19T17:45:44","date_gmt":"2016-11-19T17:45:44","guid":{"rendered":"https:\/\/www.chanceprogram.hu\/en\/?p=1719"},"modified":"2016-11-20T10:58:52","modified_gmt":"2016-11-20T10:58:52","slug":"06-05-2013-a-visit-to-the-help-village","status":"publish","type":"post","link":"https:\/\/www.chanceprogram.hu\/en\/06-05-2013-a-visit-to-the-help-village\/","title":{"rendered":"06.05.2013 \u2013 A visit to the HELP village"},"content":{"rendered":"<p>Pali elmes\u00e9lte mindny\u00e1junknak a HELP Falu t\u00f6rt\u00e9net\u00e9t, a sok neh\u00e9zs\u00e9get \u00e9s k\u00fczdelmet, aminek\u00a0\u00e1r\u00e1n siker\u00fclt fel\u00e9p\u00edteni a 2004-es cunami k\u00e1rosultjainak otthont ny\u00fajt\u00f3 \u00e9p\u00fcletegy\u00fcttest. El is\u00a0l\u00e1togattunk oda, hiszen csak egy p\u00e1r perces, r\u00f6vid s\u00e9t\u00e1nyira van sz\u00e1ll\u00e1shely\u00fcnkt\u0151l. Olyan\u00a0emberekkel tal\u00e1lkoztunk, akiknek azel\u0151tt semmilyen vagyonuk nem volt, s ami\u00f3ta bek\u00f6lt\u00f6ztek, a\u00a0berendezett h\u00e1zakba, a nappaliba berendezett kanap\u00e9k huzat\u00e1n m\u00e9g \u00e9vek m\u00falt\u00e1n is m\u0171anyag\u00a0bor\u00edt\u00e1s van, hogy ne piszkolj\u00e1k \u00f6ssze a kanap\u00e9kat. A falu nagykor\u00fa lak\u00f3i gyermekeiket\u00a0elvesztett sz\u00fcl\u0151k, akik az \u00e1rv\u00e1n maradt gyerekekkel egy\u00fctt alkotnak \u00faj csal\u00e1dot. Tal\u00e1lkoztunk\u00a0sok szomor\u00fa t\u00f6rt\u00e9nettel, ism\u00e9t s\u00edrtunk egy-ketten kicsit. Megn\u00e9zt\u00fck viszont a szint\u00e9n a faluban\u00a0tal\u00e1lhat\u00f3 \u00f3vod\u00e1t is, ami a falu \u00f6t \u00e9p\u00fclet\u00e9b\u0151l a k\u00f6zponti \u00e9p\u00fclet alj\u00e1ban \u00e9p\u00fclt. A 4-5 \u00e9ves kisfi\u00fak\u00a0\u00e9s kisl\u00e1nyok im\u00e1dnival\u00f3k voltak, zavarba j\u00f6ttek \u00e9rkez\u00e9s\u00fcnkre (biztosan meglepte \u0151ket ilyen sok\u00a0feh\u00e9r ember). \u0150k az \u00f3vod\u00e1sok elmaradhatatlan f\u00e9l\u00e9nks\u00e9g\u00e9vel el\u0151adtak egy gyerekdalt, ami\u00e9rt\u00a0mi cser\u00e9be el\u00e9nekelt\u00fck a \u201eS\u00fcss fel nap\u201d elej\u00e9t (a m\u00e1sodik versszakr\u00f3l m\u00e1r hi\u00e1nyosak voltak az\u00a0ismereteink). Minden mozdulatukkal, pillant\u00e1sukkal \u00e9s f\u00e9l\u00e9nk mosolyukkal egy\u00fctt ugyanolyanok\u00a0voltak, mint b\u00e1rmely otthoni gyerek, a fekete arcocsk\u00e1k sz\u00edn\u00e9n k\u00edv\u00fcl semmilyen k\u00fcl\u00f6nbs\u00e9get\u00a0nem lehetett \u00e9szrevenni. Az itt t\u00f6lt\u00f6tt id\u0151nk alatt egyik ter\u00e1pi\u00e1s tev\u00e9kenys\u00e9ge a csapatnak az,\u00a0hogy fel\u00faj\u00edtsuk, rendbe szedj\u00fck az \u00e9p\u00fcleteket fest\u00e9ssel, tet\u0151jav\u00edt\u00e1ssal, vagy amivel tudjuk,\u00a0\u00f6ner\u0151b\u0151l, saj\u00e1t p\u00e9nzb\u0151l, a seg\u00edt\u00e9s \u00f6r\u00f6m\u00e9\u00e9rt.<\/p>\n<p>Ez a k\u00e9t nap komoly \u00e9rzelmi ig\u00e9nybev\u00e9telt k\u00f6vetelt, ami persze az egyik c\u00e9lja is egyben az\u00a0utaz\u00e1sunknak. Most m\u00e9g jobb\u00e1ra pihen\u00fcnk, a programban r\u00e9sztvev\u0151 fiatalok j\u00f3l vannak, sokat\u00a0\u00faszunk, j\u00e1tszunk, az egy\u00e9ni ter\u00e1pi\u00e1s foglalkoz\u00e1sok az els\u0151 h\u00e9t bemeleg\u00edt\u00e9se ut\u00e1n kezd\u0151dnek\u00a0majd. Minden nappal javul a csoportmunk\u00e1nk. A visszajelz\u00e9sek rendk\u00edv\u00fcl pozit\u00edvak: a gyerekek\u00a0hazatelefon\u00e1l\u00e1sa ut\u00e1n t\u00f6bb sz\u00fcl\u0151 mondja, hogy m\u00e9g soha nem hallotta gyermeke hangj\u00e1t\u00a0ilyen sz\u00e9pen csengeni \u2013 a sr\u00e1cok lelkesed\u00e9se a telefonon kereszt\u00fcl is \u00e1tj\u00f6n. Az egyik fi\u00fank, aki\u00a0eredetileg csak egy h\u00f3napra j\u00f6tt volna, hamar meg is besz\u00e9lte sz\u00fcleivel, hadd maradhasson\u00a0h\u00e1rom h\u00f3napig, ami term\u00e9szetesen nem hosszabb nyaral\u00e1st jelent, hanem egy jobban\u00a0be\u00fctemezett, alaposabb ter\u00e1pi\u00e1s munk\u00e1t, aminek a hat\u00e1sa is sokkal eredm\u00e9nyesebb lesz, mint\u00a0ha csak egy h\u00f3napot tudtunk volna vele dolgozni.<\/p>\n<p>&nbsp;<\/p>\n","protected":false},"excerpt":{"rendered":"<p>Pali elmes\u00e9lte mindny\u00e1junknak a HELP Falu t\u00f6rt\u00e9net\u00e9t, a sok neh\u00e9zs\u00e9get \u00e9s k\u00fczdelmet, aminek\u00a0\u00e1r\u00e1n siker\u00fclt fel\u00e9p\u00edteni a 2004-es cunami k\u00e1rosultjainak otthont ny\u00fajt\u00f3 \u00e9p\u00fcletegy\u00fcttest. El is\u00a0l\u00e1togattunk oda, hiszen csak egy p\u00e1r perces, r\u00f6vid s\u00e9t\u00e1nyira van sz\u00e1ll\u00e1shely\u00fcnkt\u0151l. Olyan\u00a0emberekkel tal\u00e1lkoztunk, akiknek azel\u0151tt semmilyen vagyonuk nem volt, s ami\u00f3ta bek\u00f6lt\u00f6ztek, a\u00a0berendezett h\u00e1zakba, a nappaliba berendezett kanap\u00e9k huzat\u00e1n m\u00e9g \u00e9vek m\u00falt\u00e1n [&hellip;]<\/p>\n","protected":false},"author":5,"featured_media":660,"comment_status":"open","ping_status":"closed","sticky":false,"template":"","format":"standard","meta":{"footnotes":""},"categories":[1],"tags":[],"_links":{"self":[{"href":"https:\/\/www.chanceprogram.hu\/en\/wp-json\/wp\/v2\/posts\/1719"}],"collection":[{"href":"https:\/\/www.chanceprogram.hu\/en\/wp-json\/wp\/v2\/posts"}],"about":[{"href":"https:\/\/www.chanceprogram.hu\/en\/wp-json\/wp\/v2\/types\/post"}],"author":[{"embeddable":true,"href":"https:\/\/www.chanceprogram.hu\/en\/wp-json\/wp\/v2\/users\/5"}],"replies":[{"embeddable":true,"href":"https:\/\/www.chanceprogram.hu\/en\/wp-json\/wp\/v2\/comments?post=1719"}],"version-history":[{"count":1,"href":"https:\/\/www.chanceprogram.hu\/en\/wp-json\/wp\/v2\/posts\/1719\/revisions"}],"predecessor-version":[{"id":1720,"href":"https:\/\/www.chanceprogram.hu\/en\/wp-json\/wp\/v2\/posts\/1719\/revisions\/1720"}],"wp:featuredmedia":[{"embeddable":true,"href":"https:\/\/www.chanceprogram.hu\/en\/wp-json\/wp\/v2\/media\/660"}],"wp:attachment":[{"href":"https:\/\/www.chanceprogram.hu\/en\/wp-json\/wp\/v2\/media?parent=1719"}],"wp:term":[{"taxonomy":"category","embeddable":true,"href":"https:\/\/www.chanceprogram.hu\/en\/wp-json\/wp\/v2\/categories?post=1719"},{"taxonomy":"post_tag","embeddable":true,"href":"https:\/\/www.chanceprogram.hu\/en\/wp-json\/wp\/v2\/tags?post=1719"}],"curies":[{"name":"wp","href":"https:\/\/api.w.org\/{rel}","templated":true}]}}